{"id":6593,"date":"2021-10-21T17:05:55","date_gmt":"2021-10-21T15:05:55","guid":{"rendered":"https:\/\/www.kraeuter-mix.de\/?p=6593"},"modified":"2021-10-21T17:10:52","modified_gmt":"2021-10-21T15:10:52","slug":"employees-clock-a-total-of-935-years-at-kraeuter-mix","status":"publish","type":"post","link":"https:\/\/www.kraeuter-mix.de\/en\/corporate-news\/employees-clock-a-total-of-935-years-at-kraeuter-mix","title":{"rendered":"Employees clock a total of 935 years at Kr\u00e4uter Mix"},"content":{"rendered":"<h2>Staff honored for their long years of service<\/h2>\n<p>At its annual anniversary celebration, Kr\u00e4uter Mix honored 45 employees for their long years of service. The employees from various departments, including Production, Logistics, Quality Management, Technology Management, Sales, Purchasing, Commercial Management, Sustainability Management, Production Planning and the Technical Center, have worked at the company for between ten and 35 years. All of them together, amounting to almost ten percent of the workforce, have clocked an impressive 935 years of service at Kr\u00e4uter Mix.<\/p>\n<p>The celebration took place at the Weingut Behringer winery in Abtswind (Germany), where managing partners Christoph and Bernhard Mix and managing director Silke Wurlitzer thanked the staff members celebrating their anniversaries with Kr\u00e4uter Mix for their collaboration, dedication, hard work, loyalty and team spirit over the years. \u201cOur employees put down roots with us. When you have been working somewhere for this long, you see work as more than just a job,\u201d said Bernhard Mix. \u201cOur long-serving team members form a far-reaching, strong network of roots that create stability within our firm and furnish us with a wealth of experience, which especially benefits our newer colleagues. They form the tree trunk and branches that allow Kr\u00e4uter Mix to blossom. As well as benefiting the company, these long-standing employees have also made use of the opportunities afforded them via training, studies or further education, to enable them to develop themselves both professionally and personally.\u201d<\/p>\n<h4>35 years<\/h4>\n<p>Hermann Kohles (Logistics), Ernst Mathee (Production), Lothar Paul (Logistics), Walter Sieber (Production), Ilse Uhl-Schmelz (Sales), Thomas Zehnder (Logistics), Werner Zehnder (Logistics).<\/p>\n<h4>30 years<\/h4>\n<p>Hans-J\u00fcrgen Fischer (Production), Thomas Gansekow (Production Planning), Ute Geyer (Sales), Gerhard Mix (Technical Center), Jens Schubert (Production), Harald Stumpf (Production).<\/p>\n<h4>25 years<\/h4>\n<p>Matthias Bartsch (Production), Rainer Behringer (Production), Joachim G\u00f6tz (Logistics), Dagobert Herrmann (Logistics), Sabine Lex (Sustainability Management), Alfred Mey (Production), Ute Mix (Commercial Management), Ralf P\u00f6tzinger (Technical Management).<\/p>\n<h4>20 years<\/h4>\n<p>Carolin Gei\u00dfel (Purchasing), Andrea Meyer (Sales), Klaus Niedermeyer (Production), Marion R\u00f6\u00dfner (Technical Center), Christoph Schwitalla (Production), Gabriele Silberbach (Technical Center), Stefan St\u00f6cklein (Logistics).<\/p>\n<h4>10 years<\/h4>\n<p>Martin Albert (Production Planning), Marcel Bernhard (Quality Management), Igor Blaschko (Production), Ignacz Franz (Logistics), Petra Godron (Quality Management), Benjamin Hannwacker (Production), Sabine Hofmann (Sales), Slawomir Janowicz (Logistics), Diana Nebel (Technical Purchasing), Peter Neubauer (Quality Management), Oliver Pucher (Sales), Markus Schamberger (Logistics), Kurt Schieser (Commercial Management), Christine Schmalz (Sustainability Management), Marcel Simniok (Production), Andreas Spitzhirn (Technical Management), Sandra Werner (Sales).<\/p>\n<p>Siglinde Ackermann (Production, 35 years at the company), Peter Arndt (IT, 28 years at the company) and Angelika Pfeuffer (Commercial Management, 29 years at the company) celebrated their retirement.<\/p>\n<p>After an Italian buffet, Ines Procter, known for her role as a cleaning lady in the German TV show <em>Fastnacht in Franken (Carnival in Franconia),<\/em> performed a cabaret show that had the Kr\u00e4uter Mix employees in stitches.<\/p>\n","protected":false},"excerpt":{"rendered":"<p>At its annual anniversary celebration, Kr\u00e4uter Mix honored 45 employees for their long years of service. The employees from various departments, including Production, Logistics, Quality Management, Technology Management, Sales, Purchasing, Commercial Management, Sustainability Management, Production Planning and the Technical Center, have worked at the company for between ten and 35 years.<\/p>\n","protected":false},"author":1193,"featured_media":6596,"comment_status":"closed","ping_status":"closed","sticky":false,"template":"","format":"standard","meta":{"_acf_changed":false,"_lmt_disableupdate":"no","_lmt_disable":"","footnotes":"","_links_to":"","_links_to_target":""},"categories":[41],"tags":[291,608,282,611,292,226,290,607,143,610,609,507],"class_list":["post-6593","post","type-post","status-publish","format-standard","has-post-thumbnail","hentry","category-corporate-news","tag-anniversary","tag-celebration-en","tag-celebrations","tag-collaboration-en","tag-company","tag-employees-en","tag-firm","tag-honor-en","tag-kraeuter-mix-en","tag-retirement-en","tag-staff-en","tag-workforce","category-41","description-off"],"acf":[],"yoast_head":"<!-- This site is optimized with the Yoast SEO plugin v27.3 - https:\/\/yoast.com\/product\/yoast-seo-wordpress\/ -->\n<title>Employees clock a total of 935 years at Kr\u00e4uter Mix &#8211; Kr\u00e4uter Mix GmbH<\/title>\n<meta name=\"description\" content=\"At its annual anniversary celebration, Kr\u00e4uter Mix honored 45 employees for their long years of service. The employees from various departments, including Production, Logistics, Quality Management, Technology Management, Sales, Purchasing, Commercial Management, Sustainability Management, Production Planning and the Technical Center, have worked at the company for between ten and 35 years.\" \/>\n<meta name=\"robots\" content=\"index, follow, max-snippet:-1, max-image-preview:large, max-video-preview:-1\" \/>\n<link rel=\"canonical\" href=\"https:\/\/www.kraeuter-mix.de\/en\/corporate-news\/employees-clock-a-total-of-935-years-at-kraeuter-mix\" \/>\n<meta property=\"og:locale\" content=\"en_US\" \/>\n<meta property=\"og:type\" content=\"article\" \/>\n<meta property=\"og:title\" content=\"Employees clock a total of 935 years at Kr\u00e4uter Mix &#8211; Kr\u00e4uter Mix GmbH\" \/>\n<meta property=\"og:description\" content=\"At its annual anniversary celebration, Kr\u00e4uter Mix honored 45 employees for their long years of service. The employees from various departments, including Production, Logistics, Quality Management, Technology Management, Sales, Purchasing, Commercial Management, Sustainability Management, Production Planning and the Technical Center, have worked at the company for between ten and 35 years.\" \/>\n<meta property=\"og:url\" content=\"https:\/\/www.kraeuter-mix.de\/en\/corporate-news\/employees-clock-a-total-of-935-years-at-kraeuter-mix\" \/>\n<meta property=\"og:site_name\" content=\"Kr\u00e4uter Mix GmbH\" \/>\n<meta property=\"article:published_time\" content=\"2021-10-21T15:05:55+00:00\" \/>\n<meta property=\"article:modified_time\" content=\"2021-10-21T15:10:52+00:00\" \/>\n<meta property=\"og:image\" content=\"https:\/\/www.kraeuter-mix.de\/wp-content\/uploads\/jubilarfeier_2021.jpg\" \/>\n\t<meta property=\"og:image:width\" content=\"1536\" \/>\n\t<meta property=\"og:image:height\" content=\"704\" \/>\n\t<meta property=\"og:image:type\" content=\"image\/jpeg\" \/>\n<meta name=\"author\" content=\"Michael K\u00e4mmerer\" \/>\n<meta name=\"twitter:card\" content=\"summary_large_image\" \/>\n<script type=\"application\/ld+json\" class=\"yoast-schema-graph\">{\"@context\":\"https:\\\/\\\/schema.org\",\"@graph\":[{\"@type\":\"Article\",\"@id\":\"https:\\\/\\\/www.kraeuter-mix.de\\\/en\\\/corporate-news\\\/employees-clock-a-total-of-935-years-at-kraeuter-mix#article\",\"isPartOf\":{\"@id\":\"https:\\\/\\\/www.kraeuter-mix.de\\\/en\\\/corporate-news\\\/employees-clock-a-total-of-935-years-at-kraeuter-mix\"},\"author\":{\"name\":\"Michael K\u00e4mmerer\",\"@id\":\"https:\\\/\\\/www.kraeuter-mix.de\\\/en#\\\/schema\\\/person\\\/136b2379cf32efe2c6b55011aca55437\"},\"headline\":\"Employees clock a total of 935 years at Kr\u00e4uter Mix\",\"datePublished\":\"2021-10-21T15:05:55+00:00\",\"dateModified\":\"2021-10-21T15:10:52+00:00\",\"mainEntityOfPage\":{\"@id\":\"https:\\\/\\\/www.kraeuter-mix.de\\\/en\\\/corporate-news\\\/employees-clock-a-total-of-935-years-at-kraeuter-mix\"},\"wordCount\":471,\"publisher\":{\"@id\":\"https:\\\/\\\/www.kraeuter-mix.de\\\/en#organization\"},\"image\":{\"@id\":\"https:\\\/\\\/www.kraeuter-mix.de\\\/en\\\/corporate-news\\\/employees-clock-a-total-of-935-years-at-kraeuter-mix#primaryimage\"},\"thumbnailUrl\":\"https:\\\/\\\/www.kraeuter-mix.de\\\/wp-content\\\/uploads\\\/jubilarfeier_2021.jpg\",\"keywords\":[\"anniversary\",\"celebration\",\"celebrations\",\"collaboration\",\"company\",\"employees\",\"firm\",\"honor\",\"Kr\u00e4uter Mix\",\"retirement\",\"staff\",\"workforce\"],\"articleSection\":[\"Corporate news\"],\"inLanguage\":\"en-US\"},{\"@type\":\"WebPage\",\"@id\":\"https:\\\/\\\/www.kraeuter-mix.de\\\/en\\\/corporate-news\\\/employees-clock-a-total-of-935-years-at-kraeuter-mix\",\"url\":\"https:\\\/\\\/www.kraeuter-mix.de\\\/en\\\/corporate-news\\\/employees-clock-a-total-of-935-years-at-kraeuter-mix\",\"name\":\"Employees clock a total of 935 years at Kr\u00e4uter Mix &#8211; Kr\u00e4uter Mix GmbH\",\"isPartOf\":{\"@id\":\"https:\\\/\\\/www.kraeuter-mix.de\\\/en#website\"},\"primaryImageOfPage\":{\"@id\":\"https:\\\/\\\/www.kraeuter-mix.de\\\/en\\\/corporate-news\\\/employees-clock-a-total-of-935-years-at-kraeuter-mix#primaryimage\"},\"image\":{\"@id\":\"https:\\\/\\\/www.kraeuter-mix.de\\\/en\\\/corporate-news\\\/employees-clock-a-total-of-935-years-at-kraeuter-mix#primaryimage\"},\"thumbnailUrl\":\"https:\\\/\\\/www.kraeuter-mix.de\\\/wp-content\\\/uploads\\\/jubilarfeier_2021.jpg\",\"datePublished\":\"2021-10-21T15:05:55+00:00\",\"dateModified\":\"2021-10-21T15:10:52+00:00\",\"description\":\"At its annual anniversary celebration, Kr\u00e4uter Mix honored 45 employees for their long years of service. The employees from various departments, including Production, Logistics, Quality Management, Technology Management, Sales, Purchasing, Commercial Management, Sustainability Management, Production Planning and the Technical Center, have worked at the company for between ten and 35 years.\",\"breadcrumb\":{\"@id\":\"https:\\\/\\\/www.kraeuter-mix.de\\\/en\\\/corporate-news\\\/employees-clock-a-total-of-935-years-at-kraeuter-mix#breadcrumb\"},\"inLanguage\":\"en-US\",\"potentialAction\":[{\"@type\":\"ReadAction\",\"target\":[\"https:\\\/\\\/www.kraeuter-mix.de\\\/en\\\/corporate-news\\\/employees-clock-a-total-of-935-years-at-kraeuter-mix\"]}]},{\"@type\":\"ImageObject\",\"inLanguage\":\"en-US\",\"@id\":\"https:\\\/\\\/www.kraeuter-mix.de\\\/en\\\/corporate-news\\\/employees-clock-a-total-of-935-years-at-kraeuter-mix#primaryimage\",\"url\":\"https:\\\/\\\/www.kraeuter-mix.de\\\/wp-content\\\/uploads\\\/jubilarfeier_2021.jpg\",\"contentUrl\":\"https:\\\/\\\/www.kraeuter-mix.de\\\/wp-content\\\/uploads\\\/jubilarfeier_2021.jpg\",\"width\":1536,\"height\":704,\"caption\":\"45 Arbeitsjubilare bei Kr\u00e4uter Mix 2021\"},{\"@type\":\"BreadcrumbList\",\"@id\":\"https:\\\/\\\/www.kraeuter-mix.de\\\/en\\\/corporate-news\\\/employees-clock-a-total-of-935-years-at-kraeuter-mix#breadcrumb\",\"itemListElement\":[{\"@type\":\"ListItem\",\"position\":1,\"name\":\"Startseite\",\"item\":\"https:\\\/\\\/www.kraeuter-mix.de\\\/en\"},{\"@type\":\"ListItem\",\"position\":2,\"name\":\"Employees clock a total of 935 years at Kr\u00e4uter Mix\"}]},{\"@type\":\"WebSite\",\"@id\":\"https:\\\/\\\/www.kraeuter-mix.de\\\/en#website\",\"url\":\"https:\\\/\\\/www.kraeuter-mix.de\\\/en\",\"name\":\"Kr\u00e4uter Mix GmbH\",\"description\":\"Hochwertige pflanzliche Rohstoffe f\u00fcr die Lebensmittel-, Pharma- und Tiernahrungs-Industrie sowie den Handel\",\"publisher\":{\"@id\":\"https:\\\/\\\/www.kraeuter-mix.de\\\/en#organization\"},\"potentialAction\":[{\"@type\":\"SearchAction\",\"target\":{\"@type\":\"EntryPoint\",\"urlTemplate\":\"https:\\\/\\\/www.kraeuter-mix.de\\\/en?s={search_term_string}\"},\"query-input\":{\"@type\":\"PropertyValueSpecification\",\"valueRequired\":true,\"valueName\":\"search_term_string\"}}],\"inLanguage\":\"en-US\"},{\"@type\":\"Organization\",\"@id\":\"https:\\\/\\\/www.kraeuter-mix.de\\\/en#organization\",\"name\":\"Kr\u00e4uter Mix\",\"url\":\"https:\\\/\\\/www.kraeuter-mix.de\\\/en\",\"logo\":{\"@type\":\"ImageObject\",\"inLanguage\":\"en-US\",\"@id\":\"https:\\\/\\\/www.kraeuter-mix.de\\\/en#\\\/schema\\\/logo\\\/image\\\/\",\"url\":\"https:\\\/\\\/www.kraeuter-mix.de\\\/wp-content\\\/uploads\\\/logo_296x148px.png\",\"contentUrl\":\"https:\\\/\\\/www.kraeuter-mix.de\\\/wp-content\\\/uploads\\\/logo_296x148px.png\",\"width\":296,\"height\":148,\"caption\":\"Kr\u00e4uter Mix\"},\"image\":{\"@id\":\"https:\\\/\\\/www.kraeuter-mix.de\\\/en#\\\/schema\\\/logo\\\/image\\\/\"}},{\"@type\":\"Person\",\"@id\":\"https:\\\/\\\/www.kraeuter-mix.de\\\/en#\\\/schema\\\/person\\\/136b2379cf32efe2c6b55011aca55437\",\"name\":\"Michael K\u00e4mmerer\"}]}<\/script>\n<!-- \/ Yoast SEO plugin. -->","yoast_head_json":{"title":"Employees clock a total of 935 years at Kr\u00e4uter Mix &#8211; Kr\u00e4uter Mix GmbH","description":"At its annual anniversary celebration, Kr\u00e4uter Mix honored 45 employees for their long years of service. The employees from various departments, including Production, Logistics, Quality Management, Technology Management, Sales, Purchasing, Commercial Management, Sustainability Management, Production Planning and the Technical Center, have worked at the company for between ten and 35 years.","robots":{"index":"index","follow":"follow","max-snippet":"max-snippet:-1","max-image-preview":"max-image-preview:large","max-video-preview":"max-video-preview:-1"},"canonical":"https:\/\/www.kraeuter-mix.de\/en\/corporate-news\/employees-clock-a-total-of-935-years-at-kraeuter-mix","og_locale":"en_US","og_type":"article","og_title":"Employees clock a total of 935 years at Kr\u00e4uter Mix &#8211; Kr\u00e4uter Mix GmbH","og_description":"At its annual anniversary celebration, Kr\u00e4uter Mix honored 45 employees for their long years of service. The employees from various departments, including Production, Logistics, Quality Management, Technology Management, Sales, Purchasing, Commercial Management, Sustainability Management, Production Planning and the Technical Center, have worked at the company for between ten and 35 years.","og_url":"https:\/\/www.kraeuter-mix.de\/en\/corporate-news\/employees-clock-a-total-of-935-years-at-kraeuter-mix","og_site_name":"Kr\u00e4uter Mix GmbH","article_published_time":"2021-10-21T15:05:55+00:00","article_modified_time":"2021-10-21T15:10:52+00:00","og_image":[{"width":1536,"height":704,"url":"https:\/\/www.kraeuter-mix.de\/wp-content\/uploads\/jubilarfeier_2021.jpg","type":"image\/jpeg"}],"author":"Michael K\u00e4mmerer","twitter_card":"summary_large_image","schema":{"@context":"https:\/\/schema.org","@graph":[{"@type":"Article","@id":"https:\/\/www.kraeuter-mix.de\/en\/corporate-news\/employees-clock-a-total-of-935-years-at-kraeuter-mix#article","isPartOf":{"@id":"https:\/\/www.kraeuter-mix.de\/en\/corporate-news\/employees-clock-a-total-of-935-years-at-kraeuter-mix"},"author":{"name":"Michael K\u00e4mmerer","@id":"https:\/\/www.kraeuter-mix.de\/en#\/schema\/person\/136b2379cf32efe2c6b55011aca55437"},"headline":"Employees clock a total of 935 years at Kr\u00e4uter Mix","datePublished":"2021-10-21T15:05:55+00:00","dateModified":"2021-10-21T15:10:52+00:00","mainEntityOfPage":{"@id":"https:\/\/www.kraeuter-mix.de\/en\/corporate-news\/employees-clock-a-total-of-935-years-at-kraeuter-mix"},"wordCount":471,"publisher":{"@id":"https:\/\/www.kraeuter-mix.de\/en#organization"},"image":{"@id":"https:\/\/www.kraeuter-mix.de\/en\/corporate-news\/employees-clock-a-total-of-935-years-at-kraeuter-mix#primaryimage"},"thumbnailUrl":"https:\/\/www.kraeuter-mix.de\/wp-content\/uploads\/jubilarfeier_2021.jpg","keywords":["anniversary","celebration","celebrations","collaboration","company","employees","firm","honor","Kr\u00e4uter Mix","retirement","staff","workforce"],"articleSection":["Corporate news"],"inLanguage":"en-US"},{"@type":"WebPage","@id":"https:\/\/www.kraeuter-mix.de\/en\/corporate-news\/employees-clock-a-total-of-935-years-at-kraeuter-mix","url":"https:\/\/www.kraeuter-mix.de\/en\/corporate-news\/employees-clock-a-total-of-935-years-at-kraeuter-mix","name":"Employees clock a total of 935 years at Kr\u00e4uter Mix &#8211; Kr\u00e4uter Mix GmbH","isPartOf":{"@id":"https:\/\/www.kraeuter-mix.de\/en#website"},"primaryImageOfPage":{"@id":"https:\/\/www.kraeuter-mix.de\/en\/corporate-news\/employees-clock-a-total-of-935-years-at-kraeuter-mix#primaryimage"},"image":{"@id":"https:\/\/www.kraeuter-mix.de\/en\/corporate-news\/employees-clock-a-total-of-935-years-at-kraeuter-mix#primaryimage"},"thumbnailUrl":"https:\/\/www.kraeuter-mix.de\/wp-content\/uploads\/jubilarfeier_2021.jpg","datePublished":"2021-10-21T15:05:55+00:00","dateModified":"2021-10-21T15:10:52+00:00","description":"At its annual anniversary celebration, Kr\u00e4uter Mix honored 45 employees for their long years of service. The employees from various departments, including Production, Logistics, Quality Management, Technology Management, Sales, Purchasing, Commercial Management, Sustainability Management, Production Planning and the Technical Center, have worked at the company for between ten and 35 years.","breadcrumb":{"@id":"https:\/\/www.kraeuter-mix.de\/en\/corporate-news\/employees-clock-a-total-of-935-years-at-kraeuter-mix#breadcrumb"},"inLanguage":"en-US","potentialAction":[{"@type":"ReadAction","target":["https:\/\/www.kraeuter-mix.de\/en\/corporate-news\/employees-clock-a-total-of-935-years-at-kraeuter-mix"]}]},{"@type":"ImageObject","inLanguage":"en-US","@id":"https:\/\/www.kraeuter-mix.de\/en\/corporate-news\/employees-clock-a-total-of-935-years-at-kraeuter-mix#primaryimage","url":"https:\/\/www.kraeuter-mix.de\/wp-content\/uploads\/jubilarfeier_2021.jpg","contentUrl":"https:\/\/www.kraeuter-mix.de\/wp-content\/uploads\/jubilarfeier_2021.jpg","width":1536,"height":704,"caption":"45 Arbeitsjubilare bei Kr\u00e4uter Mix 2021"},{"@type":"BreadcrumbList","@id":"https:\/\/www.kraeuter-mix.de\/en\/corporate-news\/employees-clock-a-total-of-935-years-at-kraeuter-mix#breadcrumb","itemListElement":[{"@type":"ListItem","position":1,"name":"Startseite","item":"https:\/\/www.kraeuter-mix.de\/en"},{"@type":"ListItem","position":2,"name":"Employees clock a total of 935 years at Kr\u00e4uter Mix"}]},{"@type":"WebSite","@id":"https:\/\/www.kraeuter-mix.de\/en#website","url":"https:\/\/www.kraeuter-mix.de\/en","name":"Kr\u00e4uter Mix GmbH","description":"Hochwertige pflanzliche Rohstoffe f\u00fcr die Lebensmittel-, Pharma- und Tiernahrungs-Industrie sowie den Handel","publisher":{"@id":"https:\/\/www.kraeuter-mix.de\/en#organization"},"potentialAction":[{"@type":"SearchAction","target":{"@type":"EntryPoint","urlTemplate":"https:\/\/www.kraeuter-mix.de\/en?s={search_term_string}"},"query-input":{"@type":"PropertyValueSpecification","valueRequired":true,"valueName":"search_term_string"}}],"inLanguage":"en-US"},{"@type":"Organization","@id":"https:\/\/www.kraeuter-mix.de\/en#organization","name":"Kr\u00e4uter Mix","url":"https:\/\/www.kraeuter-mix.de\/en","logo":{"@type":"ImageObject","inLanguage":"en-US","@id":"https:\/\/www.kraeuter-mix.de\/en#\/schema\/logo\/image\/","url":"https:\/\/www.kraeuter-mix.de\/wp-content\/uploads\/logo_296x148px.png","contentUrl":"https:\/\/www.kraeuter-mix.de\/wp-content\/uploads\/logo_296x148px.png","width":296,"height":148,"caption":"Kr\u00e4uter Mix"},"image":{"@id":"https:\/\/www.kraeuter-mix.de\/en#\/schema\/logo\/image\/"}},{"@type":"Person","@id":"https:\/\/www.kraeuter-mix.de\/en#\/schema\/person\/136b2379cf32efe2c6b55011aca55437","name":"Michael K\u00e4mmerer"}]}},"modified_by":"Michael K\u00e4mmerer","_links":{"self":[{"href":"https:\/\/www.kraeuter-mix.de\/en\/wp-json\/wp\/v2\/posts\/6593","targetHints":{"allow":["GET"]}}],"collection":[{"href":"https:\/\/www.kraeuter-mix.de\/en\/wp-json\/wp\/v2\/posts"}],"about":[{"href":"https:\/\/www.kraeuter-mix.de\/en\/wp-json\/wp\/v2\/types\/post"}],"author":[{"embeddable":true,"href":"https:\/\/www.kraeuter-mix.de\/en\/wp-json\/wp\/v2\/users\/1193"}],"replies":[{"embeddable":true,"href":"https:\/\/www.kraeuter-mix.de\/en\/wp-json\/wp\/v2\/comments?post=6593"}],"version-history":[{"count":3,"href":"https:\/\/www.kraeuter-mix.de\/en\/wp-json\/wp\/v2\/posts\/6593\/revisions"}],"predecessor-version":[{"id":6611,"href":"https:\/\/www.kraeuter-mix.de\/en\/wp-json\/wp\/v2\/posts\/6593\/revisions\/6611"}],"wp:featuredmedia":[{"embeddable":true,"href":"https:\/\/www.kraeuter-mix.de\/en\/wp-json\/wp\/v2\/media\/6596"}],"wp:attachment":[{"href":"https:\/\/www.kraeuter-mix.de\/en\/wp-json\/wp\/v2\/media?parent=6593"}],"wp:term":[{"taxonomy":"category","embeddable":true,"href":"https:\/\/www.kraeuter-mix.de\/en\/wp-json\/wp\/v2\/categories?post=6593"},{"taxonomy":"post_tag","embeddable":true,"href":"https:\/\/www.kraeuter-mix.de\/en\/wp-json\/wp\/v2\/tags?post=6593"}],"curies":[{"name":"wp","href":"https:\/\/api.w.org\/{rel}","templated":true}]}}